{"id":852,"date":"2023-05-27T12:12:50","date_gmt":"2023-05-27T10:12:50","guid":{"rendered":"https:\/\/claireginestoux.fr\/?p=852"},"modified":"2024-11-27T16:32:18","modified_gmt":"2024-11-27T15:32:18","slug":"paysages-domestiques-2","status":"publish","type":"post","link":"https:\/\/claireginestoux.fr\/index.php\/2023\/05\/27\/paysages-domestiques-2\/","title":{"rendered":"Paysages Domestiques"},"content":{"rendered":"\n<p>Retour en images sur l&rsquo;exposition <em><strong>Paysages Domestiques<\/strong><\/em> qui \u00e0 eu lieu dans l&rsquo;atelier Gadoue C\u00e9ramique \u00e0 Lyon 3 du 11 au 14 mai 2023. Une exposition collective de onze artistes&nbsp;qui s&rsquo;inscrit dans le&nbsp;parcours des ateliers d\u2019artistes de Lyon <em><strong>Les ateliers font le printemps<\/strong><\/em>.<\/p>\n\n\n\n<p>Article Lyon Capitale : <a href=\"https:\/\/www.lyoncapitale.fr\/culture\/exposition-paysages-domestiques-pour-faire-entrer-la-nature-dans-notre-interieur\" data-type=\"URL\" data-id=\"https:\/\/www.lyoncapitale.fr\/culture\/exposition-paysages-domestiques-pour-faire-entrer-la-nature-dans-notre-interieur\">ici<\/a><\/p>\n\n\n\n<figure class=\"wp-block-gallery has-nested-images columns-default is-cropped wp-block-gallery-1 is-layout-flex wp-block-gallery-is-layout-flex\">\n<figure class=\"wp-block-image size-large\"><img loading=\"lazy\" decoding=\"async\" width=\"1024\" height=\"682\" data-id=\"845\" src=\"https:\/\/claireginestoux.fr\/wp-content\/uploads\/2023\/06\/DSCF6173-1-1024x682.jpg\" alt=\"\" class=\"wp-image-845\" srcset=\"https:\/\/claireginestoux.fr\/wp-content\/uploads\/2023\/06\/DSCF6173-1-1024x682.jpg 1024w, https:\/\/claireginestoux.fr\/wp-content\/uploads\/2023\/06\/DSCF6173-1-300x200.jpg 300w, https:\/\/claireginestoux.fr\/wp-content\/uploads\/2023\/06\/DSCF6173-1-768x512.jpg 768w, https:\/\/claireginestoux.fr\/wp-content\/uploads\/2023\/06\/DSCF6173-1-1536x1024.jpg 1536w, https:\/\/claireginestoux.fr\/wp-content\/uploads\/2023\/06\/DSCF6173-1.jpg 2000w\" sizes=\"auto, (max-width: 1024px) 100vw, 1024px\" \/><\/figure>\n\n\n\n<figure class=\"wp-block-image size-large\"><img loading=\"lazy\" decoding=\"async\" width=\"819\" height=\"1024\" data-id=\"848\" src=\"https:\/\/claireginestoux.fr\/wp-content\/uploads\/2023\/06\/DSCF6177-819x1024.jpg\" alt=\"\" class=\"wp-image-848\" srcset=\"https:\/\/claireginestoux.fr\/wp-content\/uploads\/2023\/06\/DSCF6177-819x1024.jpg 819w, https:\/\/claireginestoux.fr\/wp-content\/uploads\/2023\/06\/DSCF6177-240x300.jpg 240w, https:\/\/claireginestoux.fr\/wp-content\/uploads\/2023\/06\/DSCF6177-768x960.jpg 768w, https:\/\/claireginestoux.fr\/wp-content\/uploads\/2023\/06\/DSCF6177-1229x1536.jpg 1229w, https:\/\/claireginestoux.fr\/wp-content\/uploads\/2023\/06\/DSCF6177.jpg 1600w\" sizes=\"auto, (max-width: 819px) 100vw, 819px\" \/><\/figure>\n\n\n\n<figure class=\"wp-block-image size-large\"><img loading=\"lazy\" decoding=\"async\" width=\"682\" height=\"1024\" data-id=\"849\" src=\"https:\/\/claireginestoux.fr\/wp-content\/uploads\/2023\/06\/DSCF6279-2-682x1024.jpg\" alt=\"\" class=\"wp-image-849\" srcset=\"https:\/\/claireginestoux.fr\/wp-content\/uploads\/2023\/06\/DSCF6279-2-682x1024.jpg 682w, https:\/\/claireginestoux.fr\/wp-content\/uploads\/2023\/06\/DSCF6279-2-200x300.jpg 200w, https:\/\/claireginestoux.fr\/wp-content\/uploads\/2023\/06\/DSCF6279-2-768x1152.jpg 768w, https:\/\/claireginestoux.fr\/wp-content\/uploads\/2023\/06\/DSCF6279-2-1024x1536.jpg 1024w, https:\/\/claireginestoux.fr\/wp-content\/uploads\/2023\/06\/DSCF6279-2.jpg 1333w\" sizes=\"auto, (max-width: 682px) 100vw, 682px\" \/><\/figure>\n\n\n\n<figure class=\"wp-block-image size-large\"><img loading=\"lazy\" decoding=\"async\" width=\"1024\" height=\"683\" data-id=\"761\" src=\"https:\/\/claireginestoux.fr\/wp-content\/uploads\/2023\/06\/IMG_0907-01-01-1024x683.jpeg\" alt=\"\" class=\"wp-image-761\" srcset=\"https:\/\/claireginestoux.fr\/wp-content\/uploads\/2023\/06\/IMG_0907-01-01-1024x683.jpeg 1024w, https:\/\/claireginestoux.fr\/wp-content\/uploads\/2023\/06\/IMG_0907-01-01-300x200.jpeg 300w, https:\/\/claireginestoux.fr\/wp-content\/uploads\/2023\/06\/IMG_0907-01-01-768x512.jpeg 768w, https:\/\/claireginestoux.fr\/wp-content\/uploads\/2023\/06\/IMG_0907-01-01-1536x1024.jpeg 1536w, https:\/\/claireginestoux.fr\/wp-content\/uploads\/2023\/06\/IMG_0907-01-01-2048x1366.jpeg 2048w\" sizes=\"auto, (max-width: 1024px) 100vw, 1024px\" \/><\/figure>\n<\/figure>\n","protected":false},"excerpt":{"rendered":"<p>Retour en images sur l&rsquo;exposition Paysages Domestiques qui \u00e0 eu lieu dans l&rsquo;atelier Gadoue C\u00e9ramique \u00e0 Lyon 3 du 11 au 14 mai 2023. Une exposition collective de onze artistes&nbsp;qui s&rsquo;inscrit dans le&nbsp;parcours des ateliers d\u2019artistes de Lyon Les ateliers font le printemps. Article Lyon Capitale : ici<\/p>\n","protected":false},"author":1,"featured_media":855,"comment_status":"closed","ping_status":"closed","sticky":false,"template":"","format":"standard","meta":{"footnotes":""},"categories":[9],"tags":[],"class_list":["post-852","post","type-post","status-publish","format-standard","has-post-thumbnail","hentry","category-exposition"],"jetpack_featured_media_url":"https:\/\/claireginestoux.fr\/wp-content\/uploads\/2023\/05\/Articlepaysagesdomestiquesexpo-1.jpg","_links":{"self":[{"href":"https:\/\/claireginestoux.fr\/index.php\/wp-json\/wp\/v2\/posts\/852","targetHints":{"allow":["GET"]}}],"collection":[{"href":"https:\/\/claireginestoux.fr\/index.php\/wp-json\/wp\/v2\/posts"}],"about":[{"href":"https:\/\/claireginestoux.fr\/index.php\/wp-json\/wp\/v2\/types\/post"}],"author":[{"embeddable":true,"href":"https:\/\/claireginestoux.fr\/index.php\/wp-json\/wp\/v2\/users\/1"}],"replies":[{"embeddable":true,"href":"https:\/\/claireginestoux.fr\/index.php\/wp-json\/wp\/v2\/comments?post=852"}],"version-history":[{"count":1,"href":"https:\/\/claireginestoux.fr\/index.php\/wp-json\/wp\/v2\/posts\/852\/revisions"}],"predecessor-version":[{"id":853,"href":"https:\/\/claireginestoux.fr\/index.php\/wp-json\/wp\/v2\/posts\/852\/revisions\/853"}],"wp:featuredmedia":[{"embeddable":true,"href":"https:\/\/claireginestoux.fr\/index.php\/wp-json\/wp\/v2\/media\/855"}],"wp:attachment":[{"href":"https:\/\/claireginestoux.fr\/index.php\/wp-json\/wp\/v2\/media?parent=852"}],"wp:term":[{"taxonomy":"category","embeddable":true,"href":"https:\/\/claireginestoux.fr\/index.php\/wp-json\/wp\/v2\/categories?post=852"},{"taxonomy":"post_tag","embeddable":true,"href":"https:\/\/claireginestoux.fr\/index.php\/wp-json\/wp\/v2\/tags?post=852"}],"curies":[{"name":"wp","href":"https:\/\/api.w.org\/{rel}","templated":true}]}}