{"id":1,"date":"2023-03-11T20:02:39","date_gmt":"2023-03-11T19:02:39","guid":{"rendered":"http:\/\/claireginestoux.fr\/?p=1"},"modified":"2024-11-27T16:32:50","modified_gmt":"2024-11-27T15:32:50","slug":"bonjour-tout-le-monde","status":"publish","type":"post","link":"https:\/\/claireginestoux.fr\/index.php\/2023\/03\/11\/bonjour-tout-le-monde\/","title":{"rendered":"Exposition &#8211; Pendant que les champs br\u00fblent"},"content":{"rendered":"\n<p class=\"has-x-small-font-size\">Je suis heureuse de vous annoncer une nouvelle exposition \u00e0 Lyon. <em><strong>Pendant que les champs br\u00fblent<\/strong><\/em> est une ode \u00e0 la nature qui \u00e9clot, se transforme et trop souvent dispara\u00eet.<\/p>\n\n\n\n<p class=\"has-x-small-font-size\">L&rsquo;exposition sera visible \u00e0 la <strong><a href=\"http:\/\/www.lagalerue.fr\/\" data-type=\"URL\" data-id=\"http:\/\/www.lagalerue.fr\/\">Galerue<\/a><\/strong> du 03 au 29 avril 2023. <br><strong><em>Vernissage le jeudi 6 avril \u00e0 partir de 18h.<\/em><\/strong><\/p>\n\n\n\n<figure class=\"wp-block-image size-large\"><img loading=\"lazy\" decoding=\"async\" width=\"819\" height=\"1024\" src=\"https:\/\/claireginestoux.fr\/wp-content\/uploads\/2023\/03\/ExpoGALERUE_PostInsta-819x1024.png\" alt=\"\" class=\"wp-image-549\" srcset=\"https:\/\/claireginestoux.fr\/wp-content\/uploads\/2023\/03\/ExpoGALERUE_PostInsta-819x1024.png 819w, https:\/\/claireginestoux.fr\/wp-content\/uploads\/2023\/03\/ExpoGALERUE_PostInsta-240x300.png 240w, https:\/\/claireginestoux.fr\/wp-content\/uploads\/2023\/03\/ExpoGALERUE_PostInsta-768x960.png 768w, https:\/\/claireginestoux.fr\/wp-content\/uploads\/2023\/03\/ExpoGALERUE_PostInsta-1229x1536.png 1229w, https:\/\/claireginestoux.fr\/wp-content\/uploads\/2023\/03\/ExpoGALERUE_PostInsta-1638x2048.png 1638w\" sizes=\"auto, (max-width: 819px) 100vw, 819px\" \/><\/figure>\n\n\n\n<p class=\"has-x-small-font-size\">La&nbsp;<a rel=\"noreferrer noopener\" href=\"https:\/\/gmail.us12.list-manage.com\/track\/click?u=c5f74160bffee4b4afeea360c&amp;id=81b88c012c&amp;e=7f2f58ffb8\" target=\"_blank\"><strong>Galerue<\/strong><\/a>&nbsp;ce sont&nbsp;<strong>5 vitrines visibles uniquement depuis la ru<\/strong>e, \u00e0 l\u2019angle des rues de Belfort et d\u2019Ivry, accessibles \u00e0 tous et \u00e0 toute heure, pour&nbsp;proposer&nbsp;<strong>une nouvelle exp\u00e9rience artistique<\/strong>, cr\u00e9ative, diff\u00e9rente et d\u00e9mocratique.&nbsp;<\/p>\n\n\n\n<div style=\"height:11px\" aria-hidden=\"true\" class=\"wp-block-spacer\"><\/div>\n\n\n\n<div class=\"wp-block-buttons is-content-justification-center is-layout-flex wp-container-core-buttons-is-layout-a89b3969 wp-block-buttons-is-layout-flex\">\n<div class=\"wp-block-button\"><a class=\"wp-block-button__link has-background-color has-text-color wp-element-button\" href=\"https:\/\/claireginestoux.fr\/wp-content\/uploads\/2023\/03\/lagalerue_dp_2304_ClaireGinestoux.pdf\" target=\"_blank\" rel=\"noreferrer noopener\">DOSSIER DE PRESSE<\/a><\/div>\n<\/div>\n","protected":false},"excerpt":{"rendered":"<p>Je suis heureuse de vous annoncer une nouvelle exposition \u00e0 Lyon. Pendant que les champs br\u00fblent est une ode \u00e0 la nature qui \u00e9clot, se transforme et trop souvent dispara\u00eet. L&rsquo;exposition sera visible \u00e0 la Galerue du 03 au 29 avril 2023. Vernissage le jeudi 6 avril \u00e0 partir de 18h. La&nbsp;Galerue&nbsp;ce sont&nbsp;5 vitrines visibles [&hellip;]<\/p>\n","protected":false},"author":1,"featured_media":549,"comment_status":"closed","ping_status":"closed","sticky":false,"template":"","format":"standard","meta":{"footnotes":""},"categories":[9],"tags":[],"class_list":["post-1","post","type-post","status-publish","format-standard","has-post-thumbnail","hentry","category-exposition"],"jetpack_featured_media_url":"https:\/\/claireginestoux.fr\/wp-content\/uploads\/2023\/03\/ExpoGALERUE_PostInsta.png","_links":{"self":[{"href":"https:\/\/claireginestoux.fr\/index.php\/wp-json\/wp\/v2\/posts\/1","targetHints":{"allow":["GET"]}}],"collection":[{"href":"https:\/\/claireginestoux.fr\/index.php\/wp-json\/wp\/v2\/posts"}],"about":[{"href":"https:\/\/claireginestoux.fr\/index.php\/wp-json\/wp\/v2\/types\/post"}],"author":[{"embeddable":true,"href":"https:\/\/claireginestoux.fr\/index.php\/wp-json\/wp\/v2\/users\/1"}],"replies":[{"embeddable":true,"href":"https:\/\/claireginestoux.fr\/index.php\/wp-json\/wp\/v2\/comments?post=1"}],"version-history":[{"count":7,"href":"https:\/\/claireginestoux.fr\/index.php\/wp-json\/wp\/v2\/posts\/1\/revisions"}],"predecessor-version":[{"id":569,"href":"https:\/\/claireginestoux.fr\/index.php\/wp-json\/wp\/v2\/posts\/1\/revisions\/569"}],"wp:featuredmedia":[{"embeddable":true,"href":"https:\/\/claireginestoux.fr\/index.php\/wp-json\/wp\/v2\/media\/549"}],"wp:attachment":[{"href":"https:\/\/claireginestoux.fr\/index.php\/wp-json\/wp\/v2\/media?parent=1"}],"wp:term":[{"taxonomy":"category","embeddable":true,"href":"https:\/\/claireginestoux.fr\/index.php\/wp-json\/wp\/v2\/categories?post=1"},{"taxonomy":"post_tag","embeddable":true,"href":"https:\/\/claireginestoux.fr\/index.php\/wp-json\/wp\/v2\/tags?post=1"}],"curies":[{"name":"wp","href":"https:\/\/api.w.org\/{rel}","templated":true}]}}